{"id":140,"date":"2024-08-28T14:06:08","date_gmt":"2024-08-28T12:06:08","guid":{"rendered":"https:\/\/urban.etinet.it\/?p=140"},"modified":"2026-04-21T15:44:00","modified_gmt":"2026-04-21T13:44:00","slug":"bilancio-di-sostenibilita-2023","status":"publish","type":"post","link":"https:\/\/transfer.sublitex.com\/en\/bilancio-di-sostenibilita-2023\/","title":{"rendered":"Bilancio di sostenibilit\u00e0 2023"},"content":{"rendered":"\n\n<p>Per il secondo anno consecutivo, l&#8217;obiettivo del presente report \u00e8 evidenziare e comunicare in modo efficace ai propri stakeholder interni ed esterni i trend, gli obiettivi e le strategie di Sublitex in materia di sostenibilit\u00e0 ambientale, sociale e di governance (ESG). Questo impegno riflette la volont\u00e0 dell&#8217;azienda di trasparenza e responsabilit\u00e0 nei confronti di temi cruciali per il futuro, come la protezione dell&#8217;ambiente, il benessere sociale e una governance etica e responsabile.<\/p>\n<p>Visualizza il bilancio 2023, <a href=\"https:\/\/urban.sublitex.com\/wp-content\/uploads\/2024\/08\/240730_SUBLITEX_Bilancio2023_ITA_LOW.pdf\" target=\"_blank\" rel=\"noopener\">clicca qui<\/a><\/p>","protected":false},"excerpt":{"rendered":"<p>Per il secondo anno consecutivo, l&#8217;obiettivo del presente report \u00e8 evidenziare e comunicare in modo efficace ai propri stakeholder interni ed esterni i trend, gli obiettivi e le strategie di Sublitex in materia di sostenibilit\u00e0 ambientale, sociale e di governance (ESG). Questo impegno riflette la volont\u00e0 dell&#8217;azienda di trasparenza e responsabilit\u00e0 nei confronti di temi [&hellip;]<\/p>\n","protected":false},"author":2,"featured_media":1504,"comment_status":"closed","ping_status":"closed","sticky":false,"template":"","format":"standard","meta":{"_acf_changed":false,"rank_math_lock_modified_date":false,"footnotes":""},"categories":[4],"tags":[],"class_list":["post-140","post","type-post","status-publish","format-standard","has-post-thumbnail","hentry","category-news"],"acf":[],"_links":{"self":[{"href":"https:\/\/transfer.sublitex.com\/en\/wp-json\/wp\/v2\/posts\/140"}],"collection":[{"href":"https:\/\/transfer.sublitex.com\/en\/wp-json\/wp\/v2\/posts"}],"about":[{"href":"https:\/\/transfer.sublitex.com\/en\/wp-json\/wp\/v2\/types\/post"}],"author":[{"embeddable":true,"href":"https:\/\/transfer.sublitex.com\/en\/wp-json\/wp\/v2\/users\/2"}],"replies":[{"embeddable":true,"href":"https:\/\/transfer.sublitex.com\/en\/wp-json\/wp\/v2\/comments?post=140"}],"version-history":[{"count":10,"href":"https:\/\/transfer.sublitex.com\/en\/wp-json\/wp\/v2\/posts\/140\/revisions"}],"predecessor-version":[{"id":1506,"href":"https:\/\/transfer.sublitex.com\/en\/wp-json\/wp\/v2\/posts\/140\/revisions\/1506"}],"wp:featuredmedia":[{"embeddable":true,"href":"https:\/\/transfer.sublitex.com\/en\/wp-json\/wp\/v2\/media\/1504"}],"wp:attachment":[{"href":"https:\/\/transfer.sublitex.com\/en\/wp-json\/wp\/v2\/media?parent=140"}],"wp:term":[{"taxonomy":"category","embeddable":true,"href":"https:\/\/transfer.sublitex.com\/en\/wp-json\/wp\/v2\/categories?post=140"},{"taxonomy":"post_tag","embeddable":true,"href":"https:\/\/transfer.sublitex.com\/en\/wp-json\/wp\/v2\/tags?post=140"}],"curies":[{"name":"wp","href":"https:\/\/api.w.org\/{rel}","templated":true}]}}